{"id":888,"date":"2013-07-30T00:24:51","date_gmt":"2013-07-29T22:24:51","guid":{"rendered":"http:\/\/flamenco-geneve.ch\/?p=888"},"modified":"2015-07-30T00:27:40","modified_gmt":"2015-07-29T22:27:40","slug":"atelier-choregraphique-avec-irene-lozano-la-chiqui-1x-par-mois-a-geneve","status":"publish","type":"post","link":"https:\/\/flamenco-geneve.ch\/?p=888","title":{"rendered":"ATELIER CHOREGRAPHIQUE AVEC IRENE LOZANO LA CHIQUI 1x PAR MOIS A GENEVE !"},"content":{"rendered":"<p>Il s&rsquo;agit d&rsquo;un atelier chor\u00e9graphique destin\u00e9 \u00e0 celles et ceux qui d\u00e9sirent s&rsquo;initier ou d\u00e9velopper leurs connaissances de l&rsquo;espace sc\u00e9nique. Plusieurs chor\u00e9graphies seront travaill\u00e9es et pr\u00e9sent\u00e9es au public \u00e0 la fin de l&rsquo;ann\u00e9e (juin 2014).<\/p>\n<p>Dates 2013-2014 :<br \/>\n21 septembre,\u00a012 octobre,\u00a07 d\u00e9cembre\u00a0,\u00a011 janvier (2014),\u00a01 &amp; 22 f\u00e9vrier,\u00a08 mars,\u00a012 avril,\u00a024 mai,\u00a014 juin.<\/p>\n<p>Niveau : moyen-avanc\u00e9<\/p>\n<p>14h00 &#8211; 17h00<\/p>\n<p><em>Tarif<\/em><br \/>\n70 chf \/ date \/\/ 65 chf pour les membres<\/p>\n<p>Inscriptions et renseignements sur :\u00a0<a href=\"mailto:info@flamenco-geneve.ch\">info@flamenco-geneve.ch<\/a><\/p>\n<p>Lieu\u00a0: Acad\u00e9mie de danse flamenca Antonio Perujo, 5 rue Maunoir, Eaux-vives<\/p>\n<p>&nbsp;<\/p>\n<p><em><b>Irene LaChiqui<\/b>\u00a0est n\u00e9e en 1985 \u00e0 Malaga. Apr\u00e8s avoir obtenu un baccalaur\u00e9at en danse, elle entre au Conservatoire Professionnel et Sup\u00e9rieur de danse de Malaga en 2002 et obtient sa licence en chor\u00e9graphie flamenca en 2009. Depuis 2001, elle se forme avec les plus grands noms de la sc\u00e8ne flamenco tels que Rafael Amargo, Oscar de los Reyes, Antonio El Pipa, Juana Amaya, Rafael del Carmen, Domingo Ortega, Rafael Campallo, Carlos \u00ab\u00a0Chamorro\u00a0\u00bb, Rocio Molina, A\u00edda Gomez, Fernando Hurtado, Javier Latorre, Eva la Yerbabuena, Nani Pa\u00f1os, Miguel Angel Berna et Mercedes Ruiz. Avec ces artistes, elle a parcouru le globe \u00e0 travers de nombreux spectacles. Elle a notamment fait partie du Ballet Flamenco de\u00a0La Lupi de 2002 \u00e0 2005, elle danse \u00e9galement depuis 2008 dans la compagnie d\u2019Eva la Yerbabuena notamment dans les cr\u00e9ations \u00ab\u00a0Lluvia\u00a0\u00bb et \u00ab\u00a0Santo y Se\u00f1a\u00a0\u00bb et elle est une danseuse r\u00e9guli\u00e8re dans les cr\u00e9ations de la compagnie de Javier Latorre, qu\u2019elle consid\u00e8re comme son Maestro absolu. Son exp\u00e9rience dans l\u2019enseignement lui donne la qualit\u00e9 d\u2019\u00eatre une excellente p\u00e9dagogue et une danseuse hors pair sur la sc\u00e8ne. Elle a enseign\u00e9 la danse \u00e0 des enfants, le flamenco et le classique espagnol dans les acad\u00e9mies, professeure de ballet et a \u00e9t\u00e9 professeure de pr\u00e9paration des danseurs d\u00e9sireux d\u2019entrer au conservatoire. Pour couronner le tout, Irene a re\u00e7u le premier prix du Concours chor\u00e9graphique du Conservatoire Professionnel de danse de Malaga et de ceux d\u2019Andalousie en 2003, 2004 et 2005. Elle a \u00e9t\u00e9 finaliste du Concours chor\u00e9graphique de Madrid en danse espagnole et flamenco en 2007 et a re\u00e7u le premier prix du Concours chor\u00e9graphique \u00ab\u00a0Malaga Crea\u00a0\u00bb la m\u00eame ann\u00e9e. Irene obtient aussi le prix \u00ab\u00a0r\u00e9v\u00e9lation\u00a0\u00bb au Festival de Jerez de 2008 avec le spectacle \u00ab\u00a0Flamenco XXI, Opera, Caf\u00e9 y Puro\u00a0\u00bb de la compagnie Rafael Est\u00e9vez et Nani Pa\u00f1os et enfin le deuxi\u00e8me prix du concours des \u00ab\u00a0J\u00f3venes flamenco\u00a0\u00bb en 2010. Elle enseigne actuellement \u00e0 Zurich et transmet un flamenco de caract\u00e8re nuanc\u00e9 d\u2019une gr\u00e2ce indiscutable qui lui permet une grande polyvalence dans ses cr\u00e9ations et dans son enseignement.<\/em><\/p>\n","protected":false},"excerpt":{"rendered":"<p>Il s&rsquo;agit d&rsquo;un atelier chor\u00e9graphique destin\u00e9 \u00e0 celles et ceux qui d\u00e9sirent s&rsquo;initier ou d\u00e9velopper leurs connaissances de l&rsquo;espace sc\u00e9nique. Plusieurs chor\u00e9graphies seront travaill\u00e9es et pr\u00e9sent\u00e9es au public \u00e0 la fin de l&rsquo;ann\u00e9e (juin 2014). Dates 2013-2014 : 21 septembre,\u00a012 octobre,\u00a07 d\u00e9cembre\u00a0,\u00a011 janvier (2014),\u00a01 &amp; 22 f\u00e9vrier,\u00a08 mars,\u00a012 avril,\u00a024 mai,\u00a014 juin. Niveau : moyen-avanc\u00e9 14h00 [&hellip;]<\/p>\n","protected":false},"author":1,"featured_media":0,"comment_status":"closed","ping_status":"closed","sticky":false,"template":"","format":"standard","meta":{"_themeisle_gutenberg_block_has_review":false,"footnotes":""},"categories":[17],"tags":[],"class_list":["post-888","post","type-post","status-publish","format-standard","hentry","category-stages-ateliers"],"_links":{"self":[{"href":"https:\/\/flamenco-geneve.ch\/index.php?rest_route=\/wp\/v2\/posts\/888","targetHints":{"allow":["GET"]}}],"collection":[{"href":"https:\/\/flamenco-geneve.ch\/index.php?rest_route=\/wp\/v2\/posts"}],"about":[{"href":"https:\/\/flamenco-geneve.ch\/index.php?rest_route=\/wp\/v2\/types\/post"}],"author":[{"embeddable":true,"href":"https:\/\/flamenco-geneve.ch\/index.php?rest_route=\/wp\/v2\/users\/1"}],"replies":[{"embeddable":true,"href":"https:\/\/flamenco-geneve.ch\/index.php?rest_route=%2Fwp%2Fv2%2Fcomments&post=888"}],"version-history":[{"count":1,"href":"https:\/\/flamenco-geneve.ch\/index.php?rest_route=\/wp\/v2\/posts\/888\/revisions"}],"predecessor-version":[{"id":889,"href":"https:\/\/flamenco-geneve.ch\/index.php?rest_route=\/wp\/v2\/posts\/888\/revisions\/889"}],"wp:attachment":[{"href":"https:\/\/flamenco-geneve.ch\/index.php?rest_route=%2Fwp%2Fv2%2Fmedia&parent=888"}],"wp:term":[{"taxonomy":"category","embeddable":true,"href":"https:\/\/flamenco-geneve.ch\/index.php?rest_route=%2Fwp%2Fv2%2Fcategories&post=888"},{"taxonomy":"post_tag","embeddable":true,"href":"https:\/\/flamenco-geneve.ch\/index.php?rest_route=%2Fwp%2Fv2%2Ftags&post=888"}],"curies":[{"name":"wp","href":"https:\/\/api.w.org\/{rel}","templated":true}]}}