{"id":476,"date":"2014-01-30T13:26:57","date_gmt":"2014-01-30T12:26:57","guid":{"rendered":"http:\/\/flamenco-geneve.ch\/?p=476"},"modified":"2015-07-19T00:32:13","modified_gmt":"2015-07-18T22:32:13","slug":"compagnie-luisa-presente-a-geneve-n5-pdf-portable-demo-flamenco-le-21-mars-2014","status":"publish","type":"post","link":"https:\/\/flamenco-geneve.ch\/?p=476","title":{"rendered":"Compagnie Luisa pr\u00e9sente \u00e0 Gen\u00e8ve \u00ab\u00a0N\u00b05 PDF &#8211; Portable Demo Flamenco\u00a0\u00bb le 21 mars 2014"},"content":{"rendered":"<div><a href=\"http:\/\/flamenco-geneve.ch\/wp-content\/uploads\/2014\/01\/140321-Affiche_Flamenco.jpg\"><img fetchpriority=\"high\" decoding=\"async\" class=\"aligncenter size-medium wp-image-485\" src=\"http:\/\/flamenco-geneve.ch\/wp-content\/uploads\/2014\/01\/140321-Affiche_Flamenco-212x300.jpg\" alt=\"140321 Affiche_Flamenco\" width=\"212\" height=\"300\" \/><\/a><\/div>\n<div id=\"id_52ea442e4979c4922264317\">L&rsquo;<a href=\"https:\/\/www.facebook.com\/assoce.mambo\" data-hovercard=\"\/ajax\/hovercard\/user.php?id=100007155721243&amp;extragetparams=%7B%22directed_target_id%22%3A0%7D\">Assoce Mambo<\/a> et l&rsquo;<a href=\"https:\/\/www.facebook.com\/pages\/Association-pour-la-Cr%C3%A9ation-la-Culture-Flamenca-Gen%C3%A8ve\/1626733524134263\" data-hovercard=\"\/ajax\/hovercard\/page.php?id=1626733524134263&amp;extragetparams=%7B%22directed_target_id%22%3A0%7D\">Association pour la Cr\u00e9ation &amp; la Culture Flamenca &#8211; Gen\u00e8ve<\/a> sont heureux de recevoir \u00e0 Gen\u00e8ve la Compagnie Luisa, o\u00f9 elle va pr\u00e9senter son spectacle N\u00b05 PDF !<\/div>\n<div>Un \u00e9v\u00e8nement unique dans un lieu exceptionnel et c&rsquo;est \u00e0 Gen\u00e8ve que \u00e7a se passe!<\/div>\n<div><\/div>\n<div>Entr\u00e9e : 25.-&#8230; Pr\u00e9loc : 20.-<\/div>\n<div><em> * les tarifs comprennent l&rsquo;entr\u00e9e au Club \u00e9galement pour continuer votre soir\u00e9e en beaut\u00e9 !<\/em><\/div>\n<div><\/div>\n<div>Lieu : Mambo Bar\/Club, 60 rue de Monthoux, 1201 Gen\u00e8ve<\/div>\n<div>Heure : 20h30<\/div>\n<div><\/div>\n<div><em><strong>N\u00b05 PDF<\/strong>, comme \u00ab portable document format\u00bb, est un spectacle d\u00e9nud\u00e9 d\u2019artifices, \u00e9pur\u00e9, \u00abfacile \u00e0 transporter\u00bb.\u00a0 Il a \u00e9t\u00e9 pens\u00e9 comme un laboratoire de cr\u00e9ation, o\u00f9 2 identit\u00e9s\u00a0 complices (Eva Luisa et Juan Manuel Cortes) cherchent, exp\u00e9rimentent, fa\u00e7onnent. A travers les codes traditionnels et les doutes,\u00a0 les silences et les sonorit\u00e9s organiques, la danse prend forme, se d\u00e9couvre et\u2026\u00a0 questionne le fond.. .Qu\u2019est ce qui fait que c\u2019est flamenco? Pourquoi tel geste est-il flamenco ou non ? Quelle est notre part de libert\u00e9 dans la cr\u00e9ation? O\u00f9 est notre\u00a0 l\u00e9gitimit\u00e9 ?<\/em><br \/>\n<em>Dans une perp\u00e9tuelle qu\u00eate de sens et soucieux de la pratique de leur art, Juan Manuel et Eva nous invite avec ce nouveau spectacle, cinqui\u00e8me cr\u00e9ation de la Cie, \u00e0 s\u2019interroger sur le flamenco, sur son essence.<\/em><\/div>\n<div><\/div>\n<div><\/div>\n","protected":false},"excerpt":{"rendered":"<p>L&rsquo;Assoce Mambo et l&rsquo;Association pour la Cr\u00e9ation &amp; la Culture Flamenca &#8211; Gen\u00e8ve sont heureux de recevoir \u00e0 Gen\u00e8ve la Compagnie Luisa, o\u00f9 elle va pr\u00e9senter son spectacle N\u00b05 PDF ! Un \u00e9v\u00e8nement unique dans un lieu exceptionnel et c&rsquo;est \u00e0 Gen\u00e8ve que \u00e7a se passe! Entr\u00e9e : 25.-&#8230; Pr\u00e9loc : 20.- * les tarifs [&hellip;]<\/p>\n","protected":false},"author":1,"featured_media":0,"comment_status":"closed","ping_status":"closed","sticky":false,"template":"","format":"standard","meta":{"_themeisle_gutenberg_block_has_review":false,"footnotes":""},"categories":[1],"tags":[],"class_list":["post-476","post","type-post","status-publish","format-standard","hentry","category-non-classe"],"_links":{"self":[{"href":"https:\/\/flamenco-geneve.ch\/index.php?rest_route=\/wp\/v2\/posts\/476","targetHints":{"allow":["GET"]}}],"collection":[{"href":"https:\/\/flamenco-geneve.ch\/index.php?rest_route=\/wp\/v2\/posts"}],"about":[{"href":"https:\/\/flamenco-geneve.ch\/index.php?rest_route=\/wp\/v2\/types\/post"}],"author":[{"embeddable":true,"href":"https:\/\/flamenco-geneve.ch\/index.php?rest_route=\/wp\/v2\/users\/1"}],"replies":[{"embeddable":true,"href":"https:\/\/flamenco-geneve.ch\/index.php?rest_route=%2Fwp%2Fv2%2Fcomments&post=476"}],"version-history":[{"count":9,"href":"https:\/\/flamenco-geneve.ch\/index.php?rest_route=\/wp\/v2\/posts\/476\/revisions"}],"predecessor-version":[{"id":833,"href":"https:\/\/flamenco-geneve.ch\/index.php?rest_route=\/wp\/v2\/posts\/476\/revisions\/833"}],"wp:attachment":[{"href":"https:\/\/flamenco-geneve.ch\/index.php?rest_route=%2Fwp%2Fv2%2Fmedia&parent=476"}],"wp:term":[{"taxonomy":"category","embeddable":true,"href":"https:\/\/flamenco-geneve.ch\/index.php?rest_route=%2Fwp%2Fv2%2Fcategories&post=476"},{"taxonomy":"post_tag","embeddable":true,"href":"https:\/\/flamenco-geneve.ch\/index.php?rest_route=%2Fwp%2Fv2%2Ftags&post=476"}],"curies":[{"name":"wp","href":"https:\/\/api.w.org\/{rel}","templated":true}]}}