{"id":470,"date":"2014-01-20T11:04:23","date_gmt":"2014-01-20T10:04:23","guid":{"rendered":"http:\/\/flamenco-geneve.ch\/?p=470"},"modified":"2014-01-20T11:06:03","modified_gmt":"2014-01-20T10:06:03","slug":"rocio-marquez-a-geneve","status":"publish","type":"post","link":"https:\/\/flamenco-geneve.ch\/?p=470","title":{"rendered":"ROCIO MARQUEZ A GENEVE"},"content":{"rendered":"<p><em>\u00ab\u00a0Nul besoin de connaissance particuli\u00e8re en flamenco pour appr\u00e9cier le talent de <strong>Roc\u00edo M\u00e1rquez<\/strong>. A 28 ans, la jeune Andalouse fait d\u00e9j\u00e0 figure de ph\u00e9nom\u00e8ne au sein de\u00a0 la communaut\u00e9 flamenca avec sa voix pure et la richesse de son\u00a0 interpr\u00e9tation. Elle fait d\u00e9sormais partie aux c\u00f4t\u00e9s de Paco de Lucia,\u00a0 Enrique Morente ou Miguel Poveda, du club des non-Gitans \u00e9tant\u00a0 parvenus \u00e0 s\u2019imposer dans un monde du flamenco tout en l\u2019ouvrant au\u00a0 grand public. Et c\u2019est un v\u00e9ritable coup de c\u0153ur de notre programmation.\u00a0\u00bb<\/em><\/p>\n<p><strong>Roc\u00edo M\u00e1rquez <\/strong>: voix \/ <strong>Alfredo Lagos<\/strong> : guitare<\/p>\n<p><span><a href=\"http:\/\/www.rociomarquez.com\" target=\"_blank\">www.rociomarquez.com<\/a><\/span><\/p>\n<p>Artiste: ROCIO MARQUEZ<br \/>\nDate: samedi 8 f\u00e9vrier 2014<br \/>\nLieu: L&rsquo;\u00e9picentre, ch. de Mancy 61, CH -1245 Collonge-Bellerive<br \/>\nHeure: 20h30<br \/>\nOuverture caisse et portes: 19h45<br \/>\nPr\u00e9location: Service Culturel Migros<br \/>\nR\u00e9servations \/ informations: 022 855 09 05 ou <a href=\"http:\/\/www.epicentre.ch\" target=\"_blank\">www.epicentre.ch<\/a><br \/>\nBillet 25.- \/ Tarif r\u00e9duit 20.-<a href=\"http:\/\/flamenco-geneve.ch\/wp-content\/uploads\/2014\/01\/rocio-marquez.png\"><img decoding=\"async\" class=\"aligncenter size-medium wp-image-471\" alt=\"rocio marquez\" src=\"http:\/\/flamenco-geneve.ch\/wp-content\/uploads\/2014\/01\/rocio-marquez-300x109.png\" width=\"300\" height=\"109\" \/><\/a><\/p>\n","protected":false},"excerpt":{"rendered":"<p>\u00ab\u00a0Nul besoin de connaissance particuli\u00e8re en flamenco pour appr\u00e9cier le talent de Roc\u00edo M\u00e1rquez. A 28 ans, la jeune Andalouse fait d\u00e9j\u00e0 figure de ph\u00e9nom\u00e8ne au sein de\u00a0 la communaut\u00e9 flamenca avec sa voix pure et la richesse de son\u00a0 interpr\u00e9tation. Elle fait d\u00e9sormais partie aux c\u00f4t\u00e9s de Paco de Lucia,\u00a0 Enrique Morente ou Miguel [&hellip;]<\/p>\n","protected":false},"author":1,"featured_media":0,"comment_status":"closed","ping_status":"closed","sticky":false,"template":"","format":"standard","meta":{"_themeisle_gutenberg_block_has_review":false,"footnotes":""},"categories":[1],"tags":[],"class_list":["post-470","post","type-post","status-publish","format-standard","hentry","category-non-classe"],"_links":{"self":[{"href":"https:\/\/flamenco-geneve.ch\/index.php?rest_route=\/wp\/v2\/posts\/470","targetHints":{"allow":["GET"]}}],"collection":[{"href":"https:\/\/flamenco-geneve.ch\/index.php?rest_route=\/wp\/v2\/posts"}],"about":[{"href":"https:\/\/flamenco-geneve.ch\/index.php?rest_route=\/wp\/v2\/types\/post"}],"author":[{"embeddable":true,"href":"https:\/\/flamenco-geneve.ch\/index.php?rest_route=\/wp\/v2\/users\/1"}],"replies":[{"embeddable":true,"href":"https:\/\/flamenco-geneve.ch\/index.php?rest_route=%2Fwp%2Fv2%2Fcomments&post=470"}],"version-history":[{"count":3,"href":"https:\/\/flamenco-geneve.ch\/index.php?rest_route=\/wp\/v2\/posts\/470\/revisions"}],"predecessor-version":[{"id":473,"href":"https:\/\/flamenco-geneve.ch\/index.php?rest_route=\/wp\/v2\/posts\/470\/revisions\/473"}],"wp:attachment":[{"href":"https:\/\/flamenco-geneve.ch\/index.php?rest_route=%2Fwp%2Fv2%2Fmedia&parent=470"}],"wp:term":[{"taxonomy":"category","embeddable":true,"href":"https:\/\/flamenco-geneve.ch\/index.php?rest_route=%2Fwp%2Fv2%2Fcategories&post=470"},{"taxonomy":"post_tag","embeddable":true,"href":"https:\/\/flamenco-geneve.ch\/index.php?rest_route=%2Fwp%2Fv2%2Ftags&post=470"}],"curies":[{"name":"wp","href":"https:\/\/api.w.org\/{rel}","templated":true}]}}