{"id":404,"date":"2013-09-17T09:44:48","date_gmt":"2013-09-17T08:44:48","guid":{"rendered":"http:\/\/flamenco-geneve.ch\/?p=404"},"modified":"2015-07-19T00:33:41","modified_gmt":"2015-07-18T22:33:41","slug":"cours-de-cajon-avec-claudina-pineiro","status":"publish","type":"post","link":"https:\/\/flamenco-geneve.ch\/?p=404","title":{"rendered":"COURS DE CAJ\u00d3N AVEC CLAUDINA PINEIRO"},"content":{"rendered":"<p>Cours de caj\u00f3n flamenco, niveau d\u00e9butant.<\/p>\n<p>Lieu : Acad\u00e9mie de danse flamenca Al-Andalus, Rue Maunoir 5, 1207 Gen\u00e8ve.<\/p>\n<p>Inscriptions : <a href=\"mailto:claudinapineiro@hotmail.com\">claudinapineiro@hotmail.com<\/a> ou au 078.883.94.22<\/p>\n<p><a href=\"http:\/\/flamenco-geneve.ch\/wp-content\/uploads\/2013\/09\/cours-cajon.jpg\"><img fetchpriority=\"high\" decoding=\"async\" class=\"aligncenter size-medium wp-image-405\" style=\"width: 354px; height: 244px;\" src=\"http:\/\/flamenco-geneve.ch\/wp-content\/uploads\/2013\/09\/cours-cajon-300x212.jpg\" alt=\"cours-cajon\" width=\"300\" height=\"212\" \/><\/a><\/p>\n","protected":false},"excerpt":{"rendered":"<p>Cours de caj\u00f3n flamenco, niveau d\u00e9butant. Lieu : Acad\u00e9mie de danse flamenca Al-Andalus, Rue Maunoir 5, 1207 Gen\u00e8ve. Inscriptions : claudinapineiro@hotmail.com ou au 078.883.94.22<\/p>\n","protected":false},"author":1,"featured_media":0,"comment_status":"closed","ping_status":"closed","sticky":false,"template":"","format":"standard","meta":{"_themeisle_gutenberg_block_has_review":false,"footnotes":""},"categories":[1],"tags":[],"class_list":["post-404","post","type-post","status-publish","format-standard","hentry","category-non-classe"],"_links":{"self":[{"href":"https:\/\/flamenco-geneve.ch\/index.php?rest_route=\/wp\/v2\/posts\/404","targetHints":{"allow":["GET"]}}],"collection":[{"href":"https:\/\/flamenco-geneve.ch\/index.php?rest_route=\/wp\/v2\/posts"}],"about":[{"href":"https:\/\/flamenco-geneve.ch\/index.php?rest_route=\/wp\/v2\/types\/post"}],"author":[{"embeddable":true,"href":"https:\/\/flamenco-geneve.ch\/index.php?rest_route=\/wp\/v2\/users\/1"}],"replies":[{"embeddable":true,"href":"https:\/\/flamenco-geneve.ch\/index.php?rest_route=%2Fwp%2Fv2%2Fcomments&post=404"}],"version-history":[{"count":4,"href":"https:\/\/flamenco-geneve.ch\/index.php?rest_route=\/wp\/v2\/posts\/404\/revisions"}],"predecessor-version":[{"id":836,"href":"https:\/\/flamenco-geneve.ch\/index.php?rest_route=\/wp\/v2\/posts\/404\/revisions\/836"}],"wp:attachment":[{"href":"https:\/\/flamenco-geneve.ch\/index.php?rest_route=%2Fwp%2Fv2%2Fmedia&parent=404"}],"wp:term":[{"taxonomy":"category","embeddable":true,"href":"https:\/\/flamenco-geneve.ch\/index.php?rest_route=%2Fwp%2Fv2%2Fcategories&post=404"},{"taxonomy":"post_tag","embeddable":true,"href":"https:\/\/flamenco-geneve.ch\/index.php?rest_route=%2Fwp%2Fv2%2Ftags&post=404"}],"curies":[{"name":"wp","href":"https:\/\/api.w.org\/{rel}","templated":true}]}}