{"id":359,"date":"2013-07-24T09:20:31","date_gmt":"2013-07-24T08:20:31","guid":{"rendered":"http:\/\/flamenco-geneve.ch\/?p=359"},"modified":"2015-07-19T00:34:48","modified_gmt":"2015-07-18T22:34:48","slug":"cours-prives","status":"publish","type":"post","link":"https:\/\/flamenco-geneve.ch\/?p=359","title":{"rendered":"Cours priv\u00e9s"},"content":{"rendered":"<p>Vous d\u00e9sirez travailler la technique du <em>zapateado<\/em>, am\u00e9liorer votre <em>comp\u00e1s, <\/em>la coordination des bras\u00a0ou cr\u00e9er une petite chor\u00e9graphie?<\/p>\n<p>Seul(e) ou en groupe, contactez-nous sur <a href=\"mailto:info@flamenco-geneve.ch\">info@flamenco-geneve.ch<\/a> !<\/p>\n<p>Nous nous ferons une joie de vous aider et de r\u00e9pondre \u00e0 vos questions !<img fetchpriority=\"high\" decoding=\"async\" class=\"aligncenter size-medium wp-image-275\" src=\"http:\/\/flamenco-geneve.ch\/wp-content\/uploads\/2013\/07\/MG_0242-300x199.jpg\" alt=\"_MG_0242\" width=\"300\" height=\"199\" \/><\/p>\n<p>&nbsp;<\/p>\n","protected":false},"excerpt":{"rendered":"<p>Vous d\u00e9sirez travailler la technique du zapateado, am\u00e9liorer votre comp\u00e1s, la coordination des bras\u00a0ou cr\u00e9er une petite chor\u00e9graphie? Seul(e) ou en groupe, contactez-nous sur info@flamenco-geneve.ch ! Nous nous ferons une joie de vous aider et de r\u00e9pondre \u00e0 vos questions ! &nbsp;<\/p>\n","protected":false},"author":1,"featured_media":0,"comment_status":"closed","ping_status":"closed","sticky":false,"template":"","format":"standard","meta":{"_themeisle_gutenberg_block_has_review":false,"footnotes":""},"categories":[1],"tags":[],"class_list":["post-359","post","type-post","status-publish","format-standard","hentry","category-non-classe"],"_links":{"self":[{"href":"https:\/\/flamenco-geneve.ch\/index.php?rest_route=\/wp\/v2\/posts\/359","targetHints":{"allow":["GET"]}}],"collection":[{"href":"https:\/\/flamenco-geneve.ch\/index.php?rest_route=\/wp\/v2\/posts"}],"about":[{"href":"https:\/\/flamenco-geneve.ch\/index.php?rest_route=\/wp\/v2\/types\/post"}],"author":[{"embeddable":true,"href":"https:\/\/flamenco-geneve.ch\/index.php?rest_route=\/wp\/v2\/users\/1"}],"replies":[{"embeddable":true,"href":"https:\/\/flamenco-geneve.ch\/index.php?rest_route=%2Fwp%2Fv2%2Fcomments&post=359"}],"version-history":[{"count":5,"href":"https:\/\/flamenco-geneve.ch\/index.php?rest_route=\/wp\/v2\/posts\/359\/revisions"}],"predecessor-version":[{"id":838,"href":"https:\/\/flamenco-geneve.ch\/index.php?rest_route=\/wp\/v2\/posts\/359\/revisions\/838"}],"wp:attachment":[{"href":"https:\/\/flamenco-geneve.ch\/index.php?rest_route=%2Fwp%2Fv2%2Fmedia&parent=359"}],"wp:term":[{"taxonomy":"category","embeddable":true,"href":"https:\/\/flamenco-geneve.ch\/index.php?rest_route=%2Fwp%2Fv2%2Fcategories&post=359"},{"taxonomy":"post_tag","embeddable":true,"href":"https:\/\/flamenco-geneve.ch\/index.php?rest_route=%2Fwp%2Fv2%2Ftags&post=359"}],"curies":[{"name":"wp","href":"https:\/\/api.w.org\/{rel}","templated":true}]}}