{"id":1944,"date":"2018-09-02T23:13:02","date_gmt":"2018-09-02T21:13:02","guid":{"rendered":"http:\/\/flamenco-geneve.ch\/?p=1944"},"modified":"2022-07-24T15:10:29","modified_gmt":"2022-07-24T13:10:29","slug":"promesses-au-soleil-rouge-16-juin-2018","status":"publish","type":"post","link":"https:\/\/flamenco-geneve.ch\/?p=1944","title":{"rendered":"PROMESSES au Soleil Rouge &#8211; 16 juin 2018"},"content":{"rendered":"<p>Dans le cadre des <strong>Samedis au Soleil &#8211; Ap\u00e9ros Flamencos<\/strong>, nous avons choisi de terminer cette deuxi\u00e8me saison par une soir\u00e9e 100% danse, 100% amateurs, 100% flamenca !<\/p>\n<p>Du professionnalisme, de la qualit\u00e9, de la solidarit\u00e9, tout y \u00e9tait ! Une soir\u00e9e riche en \u00e9motions que nous ne sommes pas pr\u00eats d&rsquo;oublier&#8230;mieux ! Nous allons la renouveler !<\/p>\n<p>Les meilleurs moments de chaque danseuse se trouvent dans cette vid\u00e9o. De vraies p\u00e9pites \u00e0 d\u00e9couvrir !<\/p>\n<p><a href=\"https:\/\/youtu.be\/CgvcA8c59yM\">https:\/\/youtu.be\/CgvcA8c59yM<\/a><\/p>\n","protected":false},"excerpt":{"rendered":"<p>Dans le cadre des Samedis au Soleil &#8211; Ap\u00e9ros Flamencos, nous avons choisi de terminer cette deuxi\u00e8me saison par une soir\u00e9e 100% danse, 100% amateurs, 100% flamenca ! Du professionnalisme, de la qualit\u00e9, de la solidarit\u00e9, tout y \u00e9tait ! Une soir\u00e9e riche en \u00e9motions que nous ne sommes pas pr\u00eats d&rsquo;oublier&#8230;mieux ! Nous allons [&hellip;]<\/p>\n","protected":false},"author":1,"featured_media":0,"comment_status":"closed","ping_status":"closed","sticky":false,"template":"","format":"standard","meta":{"_themeisle_gutenberg_block_has_review":false,"footnotes":""},"categories":[14,16],"tags":[],"class_list":["post-1944","post","type-post","status-publish","format-standard","hentry","category-blog","category-spectacles-concerts"],"_links":{"self":[{"href":"https:\/\/flamenco-geneve.ch\/index.php?rest_route=\/wp\/v2\/posts\/1944","targetHints":{"allow":["GET"]}}],"collection":[{"href":"https:\/\/flamenco-geneve.ch\/index.php?rest_route=\/wp\/v2\/posts"}],"about":[{"href":"https:\/\/flamenco-geneve.ch\/index.php?rest_route=\/wp\/v2\/types\/post"}],"author":[{"embeddable":true,"href":"https:\/\/flamenco-geneve.ch\/index.php?rest_route=\/wp\/v2\/users\/1"}],"replies":[{"embeddable":true,"href":"https:\/\/flamenco-geneve.ch\/index.php?rest_route=%2Fwp%2Fv2%2Fcomments&post=1944"}],"version-history":[{"count":3,"href":"https:\/\/flamenco-geneve.ch\/index.php?rest_route=\/wp\/v2\/posts\/1944\/revisions"}],"predecessor-version":[{"id":1947,"href":"https:\/\/flamenco-geneve.ch\/index.php?rest_route=\/wp\/v2\/posts\/1944\/revisions\/1947"}],"wp:attachment":[{"href":"https:\/\/flamenco-geneve.ch\/index.php?rest_route=%2Fwp%2Fv2%2Fmedia&parent=1944"}],"wp:term":[{"taxonomy":"category","embeddable":true,"href":"https:\/\/flamenco-geneve.ch\/index.php?rest_route=%2Fwp%2Fv2%2Fcategories&post=1944"},{"taxonomy":"post_tag","embeddable":true,"href":"https:\/\/flamenco-geneve.ch\/index.php?rest_route=%2Fwp%2Fv2%2Ftags&post=1944"}],"curies":[{"name":"wp","href":"https:\/\/api.w.org\/{rel}","templated":true}]}}